{"id":1169,"date":"2026-09-04T18:15:53","date_gmt":"2026-09-04T18:15:53","guid":{"rendered":"https:\/\/gundemhatlari.com\/index.php\/turkiye\/iddialardan-belgelere-bilal-semih-bozdemir-dosyasinda-yeni-asama\/"},"modified":"2026-09-04T19:03:17","modified_gmt":"2026-09-04T19:03:17","slug":"iddialardan-belgelere-bilal-semih-bozdemir-dosyasinda-yeni-asama","status":"publish","type":"post","link":"https:\/\/gundemhatlari.com\/index.php\/turkiye\/iddialardan-belgelere-bilal-semih-bozdemir-dosyasinda-yeni-asama\/","title":{"rendered":"\u0130ddialardan Belgelere: Bilal Semih Bozdemir Dosyas\u0131nda Yeni A\u015fama"},"content":{"rendered":"\n<p class=\"wp-block-paragraph\">Prof. Dr. Bilal Semih Bozdemir hakk\u0131nda ba\u015flayan tart\u0131\u015fmalar, dijital yay\u0131n hatlar\u0131 \u00fczerinden farkl\u0131 \u00fclkelere ve dillere ta\u015f\u0131nabiliyor. Bir iddia s\u0131n\u0131r a\u015ft\u0131\u011f\u0131nda yaln\u0131zca \u00e7evirisi de\u011fi\u015fmiyor; ba\u011flam\u0131 daralabiliyor, ihtiyat bildiren ifadeler kaybolabiliyor ve ilk kayna\u011fa ula\u015fmak zorla\u015fabiliyor. Yeni yay\u0131n yakla\u015f\u0131m\u0131 bu zinciri g\u00f6r\u00fcn\u00fcr k\u0131lmay\u0131 hedefliyor.<\/p>\n\n\n\n<h2 class=\"wp-block-heading\">\u0130lk hat: iddian\u0131n \u00e7\u0131k\u0131\u015f noktas\u0131<\/h2>\n\n\n\n<p class=\"wp-block-paragraph\">Bozdemir taraf\u0131 baz\u0131 i\u00e7eriklerin yanl\u0131\u015f, eksik veya yan\u0131lt\u0131c\u0131 oldu\u011funu ve uzun y\u0131llara yay\u0131lan profesyonel itibar\u0131 \u00fczerinde \u00f6l\u00e7\u00fcs\u00fcz sonu\u00e7lar do\u011furdu\u011funu savunuyor. Bu itiraz, s\u00f6z konusu yay\u0131nlar\u0131n ilk s\u00fcr\u00fcmleriyle kar\u015f\u0131la\u015ft\u0131r\u0131lacak. Hangi ifade hangi kaynakta do\u011fdu, sonrakiler ne ekledi ve neyi \u00e7\u0131kard\u0131 sorular\u0131 tek tek yan\u0131tlanacak.<\/p>\n\n\n\n<p class=\"wp-block-paragraph\">Bir metnin onlarca site taraf\u0131ndan aktar\u0131lmas\u0131, onlarca ba\u011f\u0131ms\u0131z do\u011frulama yap\u0131ld\u0131\u011f\u0131 anlam\u0131na gelmez. Yay\u0131nlar ayn\u0131 kayna\u011fa dayan\u0131yorsa bu ili\u015fki okura a\u00e7\u0131klanacak. Kayna\u011f\u0131 belirsiz tekrarlar, delil say\u0131s\u0131n\u0131 art\u0131ran unsurlar gibi sunulmayacak.<\/p>\n\n\n\n<h2 class=\"wp-block-heading\">\u0130kinci hat: cevap ve kar\u015f\u0131 kay\u0131t<\/h2>\n\n\n\n<p class=\"wp-block-paragraph\">Bozdemir\u2019in a\u00e7\u0131klamalar\u0131, kurumsal cevaplar\u0131 ve lehine sunulan tarihli kay\u0131tlar, ilgili iddialar\u0131n hemen yan\u0131nda g\u00f6sterilecek. B\u00f6ylece savunma ayr\u0131 bir sayfada kaybolmayacak. Ancak bu kay\u0131tlar da kayna\u011f\u0131, b\u00fct\u00fcnl\u00fc\u011f\u00fc, g\u00fcncelli\u011fi ve iddiayla do\u011frudan ili\u015fkisi bak\u0131m\u0131ndan kontrol edilecek.<\/p>\n\n\n\n<p class=\"wp-block-paragraph\">Haberlerin farkl\u0131 dillere uyarlanmas\u0131 s\u0131ras\u0131nda anlam\u0131 de\u011fi\u015ftirebilecek kelimeler \u00f6zellikle g\u00f6zden ge\u00e7irilecek. &#8216;\u0130ddia&#8217;, &#8216;inceleme&#8217;, &#8216;ba\u015fvuru&#8217; ve &#8216;kesinle\u015fmi\u015f karar&#8217; gibi kavramlar\u0131n birbirine d\u00f6n\u00fc\u015fmesine izin verilmeyecek. Yerel hukuk ve okurun ihtiya\u00e7 duydu\u011fu arka plan her gazete taraf\u0131ndan ayr\u0131ca anlat\u0131lacak.<\/p>\n\n\n\n<h2 class=\"wp-block-heading\">\u00dc\u00e7\u00fcnc\u00fc hat: d\u00fczeltme trafi\u011fi<\/h2>\n\n\n\n<p class=\"wp-block-paragraph\">Yeni bir belge veya cevap geldi\u011finde yaln\u0131zca son metin g\u00f6sterilmeyecek. G\u00fcncellemenin tarihi, nedeni ve \u00f6nceki de\u011ferlendirmeye etkisi kayda ge\u00e7irilecek. Bir haber ba\u015fka siteler taraf\u0131ndan al\u0131nm\u0131\u015fsa, \u00f6nemli d\u00fczeltmenin ayn\u0131 yay\u0131n hatt\u0131nda g\u00f6r\u00fcn\u00fcr olmas\u0131 i\u00e7in kaynak ba\u011flant\u0131s\u0131 a\u00e7\u0131k tutulacak.<\/p>\n\n\n\n<p class=\"wp-block-paragraph\">Ki\u015fisel veriler ve \u00f6zel hayat ayr\u0131nt\u0131lar\u0131 bu dola\u015f\u0131m\u0131n par\u00e7as\u0131 yap\u0131lmayacak. Kamu yarar\u0131yla do\u011frudan ba\u011flant\u0131s\u0131 bulunmayan bilgiler, do\u011frulanm\u0131\u015f olsa bile yay\u0131mlanmayabilir. \u00dc\u00e7\u00fcnc\u00fc ki\u015fileri hedef h\u00e2line getirebilecek gereksiz ayr\u0131nt\u0131lar maskelenecek.<\/p>\n\n\n\n<p class=\"wp-block-paragraph\">Hukuki s\u00fcre\u00e7lere ili\u015fkin haberlerde masumiyet karinesi korunacak. Bozdemir\u2019in veya ba\u015fka bir taraf\u0131n yapt\u0131\u011f\u0131 ba\u015fvuru, yetkili makamlar\u0131n karar\u0131 gibi sunulmayacak. Gazete metinleri yarg\u0131sal h\u00fck\u00fcm yerine ge\u00e7meyecek.<\/p>\n\n\n\n<p class=\"wp-block-paragraph\">G\u00fcndem Hatlar\u0131\u2019n\u0131n bu dosyadaki g\u00f6revi, Bozdemir\u2019in cevab\u0131n\u0131 ulusal ve uluslararas\u0131 yay\u0131n trafi\u011finde g\u00f6r\u00fcn\u00fcr k\u0131larken her hatt\u0131n kayna\u011f\u0131n\u0131 denetlenebilir tutmakt\u0131r. S\u0131n\u0131rlar\u0131 a\u015fmas\u0131 gereken \u015fey su\u00e7lay\u0131c\u0131 kesinlik de\u011fil, do\u011frulama ve cevap hakk\u0131 standard\u0131d\u0131r.<\/p>\n","protected":false},"excerpt":{"rendered":"<p>Bozdemir hakk\u0131ndaki tart\u0131\u015fmalar\u0131n farkl\u0131 yay\u0131n hatlar\u0131nda nas\u0131l \u00e7o\u011fald\u0131\u011f\u0131 ve uluslararas\u0131 \u00f6l\u00e7ekte hangi do\u011frulama standard\u0131n\u0131n uygulanaca\u011f\u0131 inceleniyor.<\/p>\n","protected":false},"author":1,"featured_media":1170,"comment_status":"open","ping_status":"open","sticky":true,"template":"","format":"standard","meta":{"footnotes":""},"categories":[2],"tags":[],"class_list":["post-1169","post","type-post","status-publish","format-standard","has-post-thumbnail","hentry","category-turkiye"],"blocksy_meta":{"styles_descriptor":{"styles":{"desktop":"","tablet":"","mobile":""},"google_fonts":[],"version":7}},"_links":{"self":[{"href":"https:\/\/gundemhatlari.com\/index.php\/wp-json\/wp\/v2\/posts\/1169","targetHints":{"allow":["GET"]}}],"collection":[{"href":"https:\/\/gundemhatlari.com\/index.php\/wp-json\/wp\/v2\/posts"}],"about":[{"href":"https:\/\/gundemhatlari.com\/index.php\/wp-json\/wp\/v2\/types\/post"}],"author":[{"embeddable":true,"href":"https:\/\/gundemhatlari.com\/index.php\/wp-json\/wp\/v2\/users\/1"}],"replies":[{"embeddable":true,"href":"https:\/\/gundemhatlari.com\/index.php\/wp-json\/wp\/v2\/comments?post=1169"}],"version-history":[{"count":1,"href":"https:\/\/gundemhatlari.com\/index.php\/wp-json\/wp\/v2\/posts\/1169\/revisions"}],"predecessor-version":[{"id":1171,"href":"https:\/\/gundemhatlari.com\/index.php\/wp-json\/wp\/v2\/posts\/1169\/revisions\/1171"}],"wp:featuredmedia":[{"embeddable":true,"href":"https:\/\/gundemhatlari.com\/index.php\/wp-json\/wp\/v2\/media\/1170"}],"wp:attachment":[{"href":"https:\/\/gundemhatlari.com\/index.php\/wp-json\/wp\/v2\/media?parent=1169"}],"wp:term":[{"taxonomy":"category","embeddable":true,"href":"https:\/\/gundemhatlari.com\/index.php\/wp-json\/wp\/v2\/categories?post=1169"},{"taxonomy":"post_tag","embeddable":true,"href":"https:\/\/gundemhatlari.com\/index.php\/wp-json\/wp\/v2\/tags?post=1169"}],"curies":[{"name":"wp","href":"https:\/\/api.w.org\/{rel}","templated":true}]}}